{"id":1644,"date":"2021-09-02T22:36:59","date_gmt":"2021-09-02T22:36:59","guid":{"rendered":"http:\/\/www.mexicohunts.com\/?p=1644"},"modified":"2021-09-20T22:46:51","modified_gmt":"2021-09-20T22:46:51","slug":"rescate-rehabilitacion-y-liberacion-de-werika-el-aguila-real","status":"publish","type":"post","link":"https:\/\/www.mexicohunts.com\/ovis.org.mx\/testmigracion\/uncategorized\/rescate-rehabilitacion-y-liberacion-de-werika-el-aguila-real\/","title":{"rendered":"Rescate, Rehabilitaci\u00f3n y Liberaci\u00f3n de Werika, el \u00c1guila Real"},"content":{"rendered":"<div class=\"pbs-main-wrapper\"><div class=\"kvgmc6g5 cxmmr5t8 oygrvhab hcukyx3x c1et5uql ii04i59q\">\n<div dir=\"auto\">Gracias a la colaboraci\u00f3n interinstitucional de la PROFEPA , SAMA-Zacatecas, OVIS, A. C., CONANP y la Unidad Acad\u00e9mica de Medicina Veterinaria y Zootecnia de la Universidad Aut\u00f3noma de Zacatecas fue posible el rescate, rehabilitaci\u00f3n y liberaci\u00f3n de un macho adulto de \u00e1guila real en su h\u00e1bitat en Zacatecas.<\/div>\n<div dir=\"auto\"><\/div>\n<\/div>\n<div class=\"o9v6fnle cxmmr5t8 oygrvhab hcukyx3x c1et5uql ii04i59q\">\n<div dir=\"auto\">A inicios de junio de 2021 se rescat\u00f3 un ejemplar herido de \u00e1guila real en la comunidad Adjuntas del Refugio, municipio de Monte Escobedo, gracias a la notificaci\u00f3n del Lic. Luis Enrique L\u00f3pez, Presidente del Comit\u00e9 de Vigilancia Participativa de esta comunidad. La oportuna gesti\u00f3n de la Biol. Lourdes Ang\u00e9lica Briones, encargada de despacho de la PROFEPA y del Biol. Ad\u00e1n Camacho, Director de Biodiversidad de SAMA Zacatecas permitieron el resguardo y valoraci\u00f3n del ejemplar en colaboraci\u00f3n con el comit\u00e9 de vigilancia comunitaria de Monte Escobedo y la brigada de monitoreo Guerreros \u00c1guila de OVIS A. C.<\/div>\n<div dir=\"auto\"><\/div>\n<\/div>\n<div class=\"o9v6fnle cxmmr5t8 oygrvhab hcukyx3x c1et5uql ii04i59q\">\n<div dir=\"auto\">Una vez bajo resguardo de la PROFEPA, el MVZ Federico Vel\u00e1zquez realiz\u00f3 la valoraci\u00f3n cl\u00ednica del ejemplar con apoyo de los especialistas del Hospital Veterinario de Peque\u00f1as Especies de la UAZ, y determinaron la existencia de una fractura en el ala derecha, diversas lesiones menores en alas y garras, as\u00ed como una deshidrataci\u00f3n severa y bajo peso. Estas condiciones de salud pon\u00edan en grave riesgo la vida de esta \u00e1guila, por lo que requiri\u00f3 de un tratamiento veterinario urgente.<\/div>\n<div dir=\"auto\"><\/div>\n<\/div>\n<div class=\"o9v6fnle cxmmr5t8 oygrvhab hcukyx3x c1et5uql ii04i59q\">\n<div dir=\"auto\">La rehabilitaci\u00f3n del ejemplar fue coordinada por el Biol. Camacho y se efectu\u00f3 en las instalaciones del Ecoparque Centenario, con el apoyo de OVIS, los \u201cGuerreros \u00c1guila\u201d Leonor Vazquez, Sa\u00fal Pinedo, Prof. Jos\u00e9 Pineda, quienes vigilaron y monitorearon las condiciones del \u00e1guila durante todo el periodo de recuperaci\u00f3n f\u00edsica y conductual.<\/div>\n<div dir=\"auto\"><\/div>\n<\/div>\n<div class=\"o9v6fnle cxmmr5t8 oygrvhab hcukyx3x c1et5uql ii04i59q\">\n<div dir=\"auto\">Una vez garantizado el buen estado del \u00e1guila, se determin\u00f3 realizar su liberaci\u00f3n durante la primera semana de agosto en el mismo territorio donde el ejemplar fue rescatado, dentro del \u00c1rea de Protecci\u00f3n de Recursos Naturales CADNR 043. Considerando el riesgo inicial que corr\u00eda este ejemplar reci\u00e9n devuelto a la vida libre y la importancia de generar informaci\u00f3n sobre la ecolog\u00eda de esta emblem\u00e1tica especie, el Dr. Alberto Mac\u00edas de la Universidad Estatal de Sonora instal\u00f3 un transmisor satelital en el ejemplar como parte del proyecto de monitoreo de \u00e1guila real que OVIS realiza con la DGVS, CONANP, Vitro, CFE, SAMA, IMC Vida Silvestre, A. C., Fondo Mexicano para la Conservaci\u00f3n de la Naturaleza, Linde y Fundaci\u00f3n Azteca. Esta \u00e1guila liberada fue nombrada \u201cWerika\u201d, que significa \u00e1guila para el pueblo Wix\u00e1rika (Huichol).<\/div>\n<div dir=\"auto\"><\/div>\n<\/div>\n<div class=\"o9v6fnle cxmmr5t8 oygrvhab hcukyx3x c1et5uql ii04i59q\">\n<div dir=\"auto\">Durante la liberaci\u00f3n se cont\u00f3 con la presencia de la Biol. Briones, el Dr. Eduardo Ponce, Director del Programa de Conservaci\u00f3n de Especies Prioritarias de la CONANP, MVZ. Sergio Jim\u00e9nez, Director de Organizaci\u00f3n Vida Silvestre, A. C., la Diputada Local Lic. Gabriela Pinedo, comisionada de Ecolog\u00eda y Medio Ambiente, Ing. Manuel Acosta, Presidente Electo de Monte Escobedo, Biol. Camacho, Ing. Karla G. Logan, Coordinadora Regional de OVIS A.C., Ing. Rodolfo Pineda, Director del CADNR 043, el comit\u00e9 de vigilancia comunitaria de Adjuntas del Refugio y los Guerreros \u00c1guila de Zacatecas.<\/div>\n<\/div>\n<div dir=\"auto\"><\/div>\n<div dir=\"auto\">\n<div id='gallery-1' class='gallery galleryid-1644 gallery-columns-3 gallery-size-thumbnail'><figure class='gallery-item'>\n\t\t\t<div class='gallery-icon landscape'>\n\t\t\t\t<a href='https:\/\/www.mexicohunts.com\/ovis.org.mx\/testmigracion\/uncategorized\/rescate-rehabilitacion-y-liberacion-de-werika-el-aguila-real\/attachment\/1-29\/'><img loading=\"lazy\" decoding=\"async\" width=\"80\" height=\"80\" src=\"https:\/\/www.mexicohunts.com\/ovis.org.mx\/testmigracion\/wp-content\/uploads\/2021\/09\/1-1-80x80.jpg\" class=\"attachment-thumbnail size-thumbnail\" alt=\"\" srcset=\"https:\/\/www.mexicohunts.com\/ovis.org.mx\/testmigracion\/wp-content\/uploads\/2021\/09\/1-1-80x80.jpg 80w, https:\/\/www.mexicohunts.com\/ovis.org.mx\/testmigracion\/wp-content\/uploads\/2021\/09\/1-1-36x36.jpg 36w, https:\/\/www.mexicohunts.com\/ovis.org.mx\/testmigracion\/wp-content\/uploads\/2021\/09\/1-1-180x180.jpg 180w, https:\/\/www.mexicohunts.com\/ovis.org.mx\/testmigracion\/wp-content\/uploads\/2021\/09\/1-1-120x120.jpg 120w, https:\/\/www.mexicohunts.com\/ovis.org.mx\/testmigracion\/wp-content\/uploads\/2021\/09\/1-1-450x450.jpg 450w\" sizes=\"(max-width: 80px) 100vw, 80px\" \/><\/a>\n\t\t\t<\/div><\/figure><figure class='gallery-item'>\n\t\t\t<div class='gallery-icon portrait'>\n\t\t\t\t<a href='https:\/\/www.mexicohunts.com\/ovis.org.mx\/testmigracion\/uncategorized\/rescate-rehabilitacion-y-liberacion-de-werika-el-aguila-real\/attachment\/2-30\/'><img loading=\"lazy\" decoding=\"async\" width=\"80\" height=\"80\" src=\"https:\/\/www.mexicohunts.com\/ovis.org.mx\/testmigracion\/wp-content\/uploads\/2021\/09\/2-1-80x80.jpg\" class=\"attachment-thumbnail size-thumbnail\" alt=\"\" srcset=\"https:\/\/www.mexicohunts.com\/ovis.org.mx\/testmigracion\/wp-content\/uploads\/2021\/09\/2-1-80x80.jpg 80w, https:\/\/www.mexicohunts.com\/ovis.org.mx\/testmigracion\/wp-content\/uploads\/2021\/09\/2-1-36x36.jpg 36w, https:\/\/www.mexicohunts.com\/ovis.org.mx\/testmigracion\/wp-content\/uploads\/2021\/09\/2-1-180x180.jpg 180w, https:\/\/www.mexicohunts.com\/ovis.org.mx\/testmigracion\/wp-content\/uploads\/2021\/09\/2-1-676x684.jpg 676w, https:\/\/www.mexicohunts.com\/ovis.org.mx\/testmigracion\/wp-content\/uploads\/2021\/09\/2-1-120x120.jpg 120w, https:\/\/www.mexicohunts.com\/ovis.org.mx\/testmigracion\/wp-content\/uploads\/2021\/09\/2-1-450x450.jpg 450w\" sizes=\"(max-width: 80px) 100vw, 80px\" \/><\/a>\n\t\t\t<\/div><\/figure><figure class='gallery-item'>\n\t\t\t<div class='gallery-icon landscape'>\n\t\t\t\t<a href='https:\/\/www.mexicohunts.com\/ovis.org.mx\/testmigracion\/uncategorized\/rescate-rehabilitacion-y-liberacion-de-werika-el-aguila-real\/attachment\/3-29\/'><img loading=\"lazy\" decoding=\"async\" width=\"80\" height=\"80\" src=\"https:\/\/www.mexicohunts.com\/ovis.org.mx\/testmigracion\/wp-content\/uploads\/2021\/09\/3-1-80x80.jpg\" class=\"attachment-thumbnail size-thumbnail\" alt=\"\" srcset=\"https:\/\/www.mexicohunts.com\/ovis.org.mx\/testmigracion\/wp-content\/uploads\/2021\/09\/3-1-80x80.jpg 80w, https:\/\/www.mexicohunts.com\/ovis.org.mx\/testmigracion\/wp-content\/uploads\/2021\/09\/3-1-36x36.jpg 36w, https:\/\/www.mexicohunts.com\/ovis.org.mx\/testmigracion\/wp-content\/uploads\/2021\/09\/3-1-180x180.jpg 180w, https:\/\/www.mexicohunts.com\/ovis.org.mx\/testmigracion\/wp-content\/uploads\/2021\/09\/3-1-120x120.jpg 120w, https:\/\/www.mexicohunts.com\/ovis.org.mx\/testmigracion\/wp-content\/uploads\/2021\/09\/3-1-450x450.jpg 450w\" sizes=\"(max-width: 80px) 100vw, 80px\" \/><\/a>\n\t\t\t<\/div><\/figure><figure class='gallery-item'>\n\t\t\t<div class='gallery-icon landscape'>\n\t\t\t\t<a href='https:\/\/www.mexicohunts.com\/ovis.org.mx\/testmigracion\/uncategorized\/rescate-rehabilitacion-y-liberacion-de-werika-el-aguila-real\/attachment\/4-22\/'><img loading=\"lazy\" decoding=\"async\" width=\"80\" height=\"80\" src=\"https:\/\/www.mexicohunts.com\/ovis.org.mx\/testmigracion\/wp-content\/uploads\/2021\/09\/4-1-80x80.jpg\" class=\"attachment-thumbnail size-thumbnail\" alt=\"\" srcset=\"https:\/\/www.mexicohunts.com\/ovis.org.mx\/testmigracion\/wp-content\/uploads\/2021\/09\/4-1-80x80.jpg 80w, https:\/\/www.mexicohunts.com\/ovis.org.mx\/testmigracion\/wp-content\/uploads\/2021\/09\/4-1-36x36.jpg 36w, https:\/\/www.mexicohunts.com\/ovis.org.mx\/testmigracion\/wp-content\/uploads\/2021\/09\/4-1-180x180.jpg 180w, https:\/\/www.mexicohunts.com\/ovis.org.mx\/testmigracion\/wp-content\/uploads\/2021\/09\/4-1-120x120.jpg 120w, https:\/\/www.mexicohunts.com\/ovis.org.mx\/testmigracion\/wp-content\/uploads\/2021\/09\/4-1-450x450.jpg 450w\" sizes=\"(max-width: 80px) 100vw, 80px\" \/><\/a>\n\t\t\t<\/div><\/figure><figure class='gallery-item'>\n\t\t\t<div class='gallery-icon landscape'>\n\t\t\t\t<a href='https:\/\/www.mexicohunts.com\/ovis.org.mx\/testmigracion\/uncategorized\/rescate-rehabilitacion-y-liberacion-de-werika-el-aguila-real\/attachment\/5-14\/'><img loading=\"lazy\" decoding=\"async\" width=\"80\" height=\"80\" src=\"https:\/\/www.mexicohunts.com\/ovis.org.mx\/testmigracion\/wp-content\/uploads\/2021\/09\/5-80x80.jpg\" class=\"attachment-thumbnail size-thumbnail\" alt=\"\" srcset=\"https:\/\/www.mexicohunts.com\/ovis.org.mx\/testmigracion\/wp-content\/uploads\/2021\/09\/5-80x80.jpg 80w, https:\/\/www.mexicohunts.com\/ovis.org.mx\/testmigracion\/wp-content\/uploads\/2021\/09\/5-36x36.jpg 36w, https:\/\/www.mexicohunts.com\/ovis.org.mx\/testmigracion\/wp-content\/uploads\/2021\/09\/5-180x180.jpg 180w, https:\/\/www.mexicohunts.com\/ovis.org.mx\/testmigracion\/wp-content\/uploads\/2021\/09\/5-120x120.jpg 120w, https:\/\/www.mexicohunts.com\/ovis.org.mx\/testmigracion\/wp-content\/uploads\/2021\/09\/5-450x450.jpg 450w\" sizes=\"(max-width: 80px) 100vw, 80px\" \/><\/a>\n\t\t\t<\/div><\/figure><figure class='gallery-item'>\n\t\t\t<div class='gallery-icon landscape'>\n\t\t\t\t<a href='https:\/\/www.mexicohunts.com\/ovis.org.mx\/testmigracion\/uncategorized\/rescate-rehabilitacion-y-liberacion-de-werika-el-aguila-real\/attachment\/6-15\/'><img loading=\"lazy\" decoding=\"async\" width=\"80\" height=\"80\" src=\"https:\/\/www.mexicohunts.com\/ovis.org.mx\/testmigracion\/wp-content\/uploads\/2021\/09\/6-1-80x80.jpg\" class=\"attachment-thumbnail size-thumbnail\" alt=\"\" srcset=\"https:\/\/www.mexicohunts.com\/ovis.org.mx\/testmigracion\/wp-content\/uploads\/2021\/09\/6-1-80x80.jpg 80w, https:\/\/www.mexicohunts.com\/ovis.org.mx\/testmigracion\/wp-content\/uploads\/2021\/09\/6-1-36x36.jpg 36w, https:\/\/www.mexicohunts.com\/ovis.org.mx\/testmigracion\/wp-content\/uploads\/2021\/09\/6-1-180x180.jpg 180w, https:\/\/www.mexicohunts.com\/ovis.org.mx\/testmigracion\/wp-content\/uploads\/2021\/09\/6-1-120x120.jpg 120w, https:\/\/www.mexicohunts.com\/ovis.org.mx\/testmigracion\/wp-content\/uploads\/2021\/09\/6-1-450x450.jpg 450w\" sizes=\"(max-width: 80px) 100vw, 80px\" \/><\/a>\n\t\t\t<\/div><\/figure><figure class='gallery-item'>\n\t\t\t<div class='gallery-icon portrait'>\n\t\t\t\t<a href='https:\/\/www.mexicohunts.com\/ovis.org.mx\/testmigracion\/uncategorized\/rescate-rehabilitacion-y-liberacion-de-werika-el-aguila-real\/attachment\/7-9\/'><img loading=\"lazy\" decoding=\"async\" width=\"80\" height=\"80\" src=\"https:\/\/www.mexicohunts.com\/ovis.org.mx\/testmigracion\/wp-content\/uploads\/2021\/09\/7-1-80x80.jpg\" class=\"attachment-thumbnail size-thumbnail\" alt=\"\" srcset=\"https:\/\/www.mexicohunts.com\/ovis.org.mx\/testmigracion\/wp-content\/uploads\/2021\/09\/7-1-80x80.jpg 80w, https:\/\/www.mexicohunts.com\/ovis.org.mx\/testmigracion\/wp-content\/uploads\/2021\/09\/7-1-36x36.jpg 36w, https:\/\/www.mexicohunts.com\/ovis.org.mx\/testmigracion\/wp-content\/uploads\/2021\/09\/7-1-180x180.jpg 180w, https:\/\/www.mexicohunts.com\/ovis.org.mx\/testmigracion\/wp-content\/uploads\/2021\/09\/7-1-120x120.jpg 120w, https:\/\/www.mexicohunts.com\/ovis.org.mx\/testmigracion\/wp-content\/uploads\/2021\/09\/7-1-450x450.jpg 450w\" sizes=\"(max-width: 80px) 100vw, 80px\" \/><\/a>\n\t\t\t<\/div><\/figure><figure class='gallery-item'>\n\t\t\t<div class='gallery-icon landscape'>\n\t\t\t\t<a href='https:\/\/www.mexicohunts.com\/ovis.org.mx\/testmigracion\/uncategorized\/rescate-rehabilitacion-y-liberacion-de-werika-el-aguila-real\/attachment\/8-9\/'><img loading=\"lazy\" decoding=\"async\" width=\"80\" height=\"80\" src=\"https:\/\/www.mexicohunts.com\/ovis.org.mx\/testmigracion\/wp-content\/uploads\/2021\/09\/8-1-80x80.jpg\" class=\"attachment-thumbnail size-thumbnail\" alt=\"\" srcset=\"https:\/\/www.mexicohunts.com\/ovis.org.mx\/testmigracion\/wp-content\/uploads\/2021\/09\/8-1-80x80.jpg 80w, https:\/\/www.mexicohunts.com\/ovis.org.mx\/testmigracion\/wp-content\/uploads\/2021\/09\/8-1-36x36.jpg 36w, https:\/\/www.mexicohunts.com\/ovis.org.mx\/testmigracion\/wp-content\/uploads\/2021\/09\/8-1-180x180.jpg 180w, https:\/\/www.mexicohunts.com\/ovis.org.mx\/testmigracion\/wp-content\/uploads\/2021\/09\/8-1-120x120.jpg 120w, https:\/\/www.mexicohunts.com\/ovis.org.mx\/testmigracion\/wp-content\/uploads\/2021\/09\/8-1-450x450.jpg 450w\" sizes=\"(max-width: 80px) 100vw, 80px\" \/><\/a>\n\t\t\t<\/div><\/figure><figure class='gallery-item'>\n\t\t\t<div class='gallery-icon landscape'>\n\t\t\t\t<a href='https:\/\/www.mexicohunts.com\/ovis.org.mx\/testmigracion\/uncategorized\/rescate-rehabilitacion-y-liberacion-de-werika-el-aguila-real\/attachment\/9-7\/'><img loading=\"lazy\" decoding=\"async\" width=\"80\" height=\"80\" src=\"https:\/\/www.mexicohunts.com\/ovis.org.mx\/testmigracion\/wp-content\/uploads\/2021\/09\/9-80x80.jpg\" class=\"attachment-thumbnail size-thumbnail\" alt=\"\" srcset=\"https:\/\/www.mexicohunts.com\/ovis.org.mx\/testmigracion\/wp-content\/uploads\/2021\/09\/9-80x80.jpg 80w, https:\/\/www.mexicohunts.com\/ovis.org.mx\/testmigracion\/wp-content\/uploads\/2021\/09\/9-36x36.jpg 36w, https:\/\/www.mexicohunts.com\/ovis.org.mx\/testmigracion\/wp-content\/uploads\/2021\/09\/9-180x180.jpg 180w, https:\/\/www.mexicohunts.com\/ovis.org.mx\/testmigracion\/wp-content\/uploads\/2021\/09\/9-120x120.jpg 120w, https:\/\/www.mexicohunts.com\/ovis.org.mx\/testmigracion\/wp-content\/uploads\/2021\/09\/9-450x450.jpg 450w\" sizes=\"(max-width: 80px) 100vw, 80px\" \/><\/a>\n\t\t\t<\/div><\/figure><figure class='gallery-item'>\n\t\t\t<div class='gallery-icon landscape'>\n\t\t\t\t<a href='https:\/\/www.mexicohunts.com\/ovis.org.mx\/testmigracion\/uncategorized\/rescate-rehabilitacion-y-liberacion-de-werika-el-aguila-real\/attachment\/10-6\/'><img loading=\"lazy\" decoding=\"async\" width=\"80\" height=\"80\" src=\"https:\/\/www.mexicohunts.com\/ovis.org.mx\/testmigracion\/wp-content\/uploads\/2021\/09\/10-80x80.jpg\" class=\"attachment-thumbnail size-thumbnail\" alt=\"\" srcset=\"https:\/\/www.mexicohunts.com\/ovis.org.mx\/testmigracion\/wp-content\/uploads\/2021\/09\/10-80x80.jpg 80w, https:\/\/www.mexicohunts.com\/ovis.org.mx\/testmigracion\/wp-content\/uploads\/2021\/09\/10-36x36.jpg 36w, https:\/\/www.mexicohunts.com\/ovis.org.mx\/testmigracion\/wp-content\/uploads\/2021\/09\/10-180x180.jpg 180w, https:\/\/www.mexicohunts.com\/ovis.org.mx\/testmigracion\/wp-content\/uploads\/2021\/09\/10-120x120.jpg 120w, https:\/\/www.mexicohunts.com\/ovis.org.mx\/testmigracion\/wp-content\/uploads\/2021\/09\/10-450x450.jpg 450w\" sizes=\"(max-width: 80px) 100vw, 80px\" \/><\/a>\n\t\t\t<\/div><\/figure><figure class='gallery-item'>\n\t\t\t<div class='gallery-icon landscape'>\n\t\t\t\t<a href='https:\/\/www.mexicohunts.com\/ovis.org.mx\/testmigracion\/uncategorized\/rescate-rehabilitacion-y-liberacion-de-werika-el-aguila-real\/attachment\/11-6\/'><img loading=\"lazy\" decoding=\"async\" width=\"80\" height=\"80\" src=\"https:\/\/www.mexicohunts.com\/ovis.org.mx\/testmigracion\/wp-content\/uploads\/2021\/09\/11-80x80.jpg\" class=\"attachment-thumbnail size-thumbnail\" alt=\"\" srcset=\"https:\/\/www.mexicohunts.com\/ovis.org.mx\/testmigracion\/wp-content\/uploads\/2021\/09\/11-80x80.jpg 80w, https:\/\/www.mexicohunts.com\/ovis.org.mx\/testmigracion\/wp-content\/uploads\/2021\/09\/11-36x36.jpg 36w, https:\/\/www.mexicohunts.com\/ovis.org.mx\/testmigracion\/wp-content\/uploads\/2021\/09\/11-180x180.jpg 180w, https:\/\/www.mexicohunts.com\/ovis.org.mx\/testmigracion\/wp-content\/uploads\/2021\/09\/11-120x120.jpg 120w, https:\/\/www.mexicohunts.com\/ovis.org.mx\/testmigracion\/wp-content\/uploads\/2021\/09\/11-450x450.jpg 450w\" sizes=\"(max-width: 80px) 100vw, 80px\" \/><\/a>\n\t\t\t<\/div><\/figure><figure class='gallery-item'>\n\t\t\t<div class='gallery-icon landscape'>\n\t\t\t\t<a href='https:\/\/www.mexicohunts.com\/ovis.org.mx\/testmigracion\/uncategorized\/rescate-rehabilitacion-y-liberacion-de-werika-el-aguila-real\/attachment\/12-4\/'><img loading=\"lazy\" decoding=\"async\" width=\"80\" height=\"80\" src=\"https:\/\/www.mexicohunts.com\/ovis.org.mx\/testmigracion\/wp-content\/uploads\/2021\/09\/12-80x80.jpg\" class=\"attachment-thumbnail size-thumbnail\" alt=\"\" srcset=\"https:\/\/www.mexicohunts.com\/ovis.org.mx\/testmigracion\/wp-content\/uploads\/2021\/09\/12-80x80.jpg 80w, https:\/\/www.mexicohunts.com\/ovis.org.mx\/testmigracion\/wp-content\/uploads\/2021\/09\/12-36x36.jpg 36w, https:\/\/www.mexicohunts.com\/ovis.org.mx\/testmigracion\/wp-content\/uploads\/2021\/09\/12-180x180.jpg 180w, https:\/\/www.mexicohunts.com\/ovis.org.mx\/testmigracion\/wp-content\/uploads\/2021\/09\/12-120x120.jpg 120w, https:\/\/www.mexicohunts.com\/ovis.org.mx\/testmigracion\/wp-content\/uploads\/2021\/09\/12-450x450.jpg 450w\" sizes=\"(max-width: 80px) 100vw, 80px\" \/><\/a>\n\t\t\t<\/div><\/figure><figure class='gallery-item'>\n\t\t\t<div class='gallery-icon landscape'>\n\t\t\t\t<a href='https:\/\/www.mexicohunts.com\/ovis.org.mx\/testmigracion\/uncategorized\/rescate-rehabilitacion-y-liberacion-de-werika-el-aguila-real\/attachment\/13-4\/'><img loading=\"lazy\" decoding=\"async\" width=\"80\" height=\"80\" src=\"https:\/\/www.mexicohunts.com\/ovis.org.mx\/testmigracion\/wp-content\/uploads\/2021\/09\/13-80x80.jpg\" class=\"attachment-thumbnail size-thumbnail\" alt=\"\" srcset=\"https:\/\/www.mexicohunts.com\/ovis.org.mx\/testmigracion\/wp-content\/uploads\/2021\/09\/13-80x80.jpg 80w, https:\/\/www.mexicohunts.com\/ovis.org.mx\/testmigracion\/wp-content\/uploads\/2021\/09\/13-36x36.jpg 36w, https:\/\/www.mexicohunts.com\/ovis.org.mx\/testmigracion\/wp-content\/uploads\/2021\/09\/13-180x180.jpg 180w, https:\/\/www.mexicohunts.com\/ovis.org.mx\/testmigracion\/wp-content\/uploads\/2021\/09\/13-120x120.jpg 120w, https:\/\/www.mexicohunts.com\/ovis.org.mx\/testmigracion\/wp-content\/uploads\/2021\/09\/13-450x450.jpg 450w\" sizes=\"(max-width: 80px) 100vw, 80px\" \/><\/a>\n\t\t\t<\/div><\/figure><figure class='gallery-item'>\n\t\t\t<div class='gallery-icon landscape'>\n\t\t\t\t<a href='https:\/\/www.mexicohunts.com\/ovis.org.mx\/testmigracion\/uncategorized\/rescate-rehabilitacion-y-liberacion-de-werika-el-aguila-real\/attachment\/14-4\/'><img loading=\"lazy\" decoding=\"async\" width=\"80\" height=\"80\" src=\"https:\/\/www.mexicohunts.com\/ovis.org.mx\/testmigracion\/wp-content\/uploads\/2021\/09\/14-80x80.jpg\" class=\"attachment-thumbnail size-thumbnail\" alt=\"\" srcset=\"https:\/\/www.mexicohunts.com\/ovis.org.mx\/testmigracion\/wp-content\/uploads\/2021\/09\/14-80x80.jpg 80w, https:\/\/www.mexicohunts.com\/ovis.org.mx\/testmigracion\/wp-content\/uploads\/2021\/09\/14-36x36.jpg 36w, https:\/\/www.mexicohunts.com\/ovis.org.mx\/testmigracion\/wp-content\/uploads\/2021\/09\/14-180x180.jpg 180w, https:\/\/www.mexicohunts.com\/ovis.org.mx\/testmigracion\/wp-content\/uploads\/2021\/09\/14-120x120.jpg 120w, https:\/\/www.mexicohunts.com\/ovis.org.mx\/testmigracion\/wp-content\/uploads\/2021\/09\/14-450x450.jpg 450w\" sizes=\"(max-width: 80px) 100vw, 80px\" \/><\/a>\n\t\t\t<\/div><\/figure><figure class='gallery-item'>\n\t\t\t<div class='gallery-icon landscape'>\n\t\t\t\t<a href='https:\/\/www.mexicohunts.com\/ovis.org.mx\/testmigracion\/uncategorized\/rescate-rehabilitacion-y-liberacion-de-werika-el-aguila-real\/attachment\/15-4\/'><img loading=\"lazy\" decoding=\"async\" width=\"80\" height=\"80\" src=\"https:\/\/www.mexicohunts.com\/ovis.org.mx\/testmigracion\/wp-content\/uploads\/2021\/09\/15-80x80.jpg\" class=\"attachment-thumbnail size-thumbnail\" alt=\"\" srcset=\"https:\/\/www.mexicohunts.com\/ovis.org.mx\/testmigracion\/wp-content\/uploads\/2021\/09\/15-80x80.jpg 80w, https:\/\/www.mexicohunts.com\/ovis.org.mx\/testmigracion\/wp-content\/uploads\/2021\/09\/15-36x36.jpg 36w, https:\/\/www.mexicohunts.com\/ovis.org.mx\/testmigracion\/wp-content\/uploads\/2021\/09\/15-180x180.jpg 180w, https:\/\/www.mexicohunts.com\/ovis.org.mx\/testmigracion\/wp-content\/uploads\/2021\/09\/15-120x120.jpg 120w, https:\/\/www.mexicohunts.com\/ovis.org.mx\/testmigracion\/wp-content\/uploads\/2021\/09\/15-450x450.jpg 450w\" sizes=\"(max-width: 80px) 100vw, 80px\" \/><\/a>\n\t\t\t<\/div><\/figure><figure class='gallery-item'>\n\t\t\t<div class='gallery-icon landscape'>\n\t\t\t\t<a href='https:\/\/www.mexicohunts.com\/ovis.org.mx\/testmigracion\/uncategorized\/rescate-rehabilitacion-y-liberacion-de-werika-el-aguila-real\/attachment\/16-4\/'><img loading=\"lazy\" decoding=\"async\" width=\"80\" height=\"80\" src=\"https:\/\/www.mexicohunts.com\/ovis.org.mx\/testmigracion\/wp-content\/uploads\/2021\/09\/16-80x80.jpg\" class=\"attachment-thumbnail size-thumbnail\" alt=\"\" srcset=\"https:\/\/www.mexicohunts.com\/ovis.org.mx\/testmigracion\/wp-content\/uploads\/2021\/09\/16-80x80.jpg 80w, https:\/\/www.mexicohunts.com\/ovis.org.mx\/testmigracion\/wp-content\/uploads\/2021\/09\/16-36x36.jpg 36w, https:\/\/www.mexicohunts.com\/ovis.org.mx\/testmigracion\/wp-content\/uploads\/2021\/09\/16-180x180.jpg 180w, https:\/\/www.mexicohunts.com\/ovis.org.mx\/testmigracion\/wp-content\/uploads\/2021\/09\/16-120x120.jpg 120w, https:\/\/www.mexicohunts.com\/ovis.org.mx\/testmigracion\/wp-content\/uploads\/2021\/09\/16-450x450.jpg 450w\" sizes=\"(max-width: 80px) 100vw, 80px\" \/><\/a>\n\t\t\t<\/div><\/figure><figure class='gallery-item'>\n\t\t\t<div class='gallery-icon landscape'>\n\t\t\t\t<a href='https:\/\/www.mexicohunts.com\/ovis.org.mx\/testmigracion\/uncategorized\/rescate-rehabilitacion-y-liberacion-de-werika-el-aguila-real\/attachment\/17-3\/'><img loading=\"lazy\" decoding=\"async\" width=\"80\" height=\"80\" src=\"https:\/\/www.mexicohunts.com\/ovis.org.mx\/testmigracion\/wp-content\/uploads\/2021\/09\/17-80x80.jpg\" class=\"attachment-thumbnail size-thumbnail\" alt=\"\" srcset=\"https:\/\/www.mexicohunts.com\/ovis.org.mx\/testmigracion\/wp-content\/uploads\/2021\/09\/17-80x80.jpg 80w, https:\/\/www.mexicohunts.com\/ovis.org.mx\/testmigracion\/wp-content\/uploads\/2021\/09\/17-36x36.jpg 36w, https:\/\/www.mexicohunts.com\/ovis.org.mx\/testmigracion\/wp-content\/uploads\/2021\/09\/17-180x180.jpg 180w, https:\/\/www.mexicohunts.com\/ovis.org.mx\/testmigracion\/wp-content\/uploads\/2021\/09\/17-120x120.jpg 120w, https:\/\/www.mexicohunts.com\/ovis.org.mx\/testmigracion\/wp-content\/uploads\/2021\/09\/17-450x450.jpg 450w\" sizes=\"(max-width: 80px) 100vw, 80px\" \/><\/a>\n\t\t\t<\/div><\/figure>\n\t\t<\/div>\n\n<\/div>\n<\/div>","protected":false},"excerpt":{"rendered":"<p>Gracias a la colaboraci\u00f3n interinstitucional de la PROFEPA , SAMA-Zacatecas, OVIS, A. C., CONANP y la Unidad Acad\u00e9mica de Medicina Veterinaria y Zootecnia de la Universidad Aut\u00f3noma de Zacatecas fue posible el rescate, rehabilitaci\u00f3n y liberaci\u00f3n de un macho adulto de \u00e1guila real en su h\u00e1bitat en Zacatecas. A inicios de junio de 2021 se &hellip; <a href=\"https:\/\/www.mexicohunts.com\/ovis.org.mx\/testmigracion\/uncategorized\/rescate-rehabilitacion-y-liberacion-de-werika-el-aguila-real\/\" class=\"more-link\">Contin\u00faa leyendo <span class=\"screen-reader-text\">Rescate, Rehabilitaci\u00f3n y Liberaci\u00f3n de Werika, el \u00c1guila Real<\/span><\/a><\/p>\n","protected":false},"author":3,"featured_media":0,"comment_status":"closed","ping_status":"closed","sticky":false,"template":"","format":"standard","meta":{"footnotes":""},"categories":[1],"tags":[],"_links":{"self":[{"href":"https:\/\/www.mexicohunts.com\/ovis.org.mx\/testmigracion\/wp-json\/wp\/v2\/posts\/1644"}],"collection":[{"href":"https:\/\/www.mexicohunts.com\/ovis.org.mx\/testmigracion\/wp-json\/wp\/v2\/posts"}],"about":[{"href":"https:\/\/www.mexicohunts.com\/ovis.org.mx\/testmigracion\/wp-json\/wp\/v2\/types\/post"}],"author":[{"embeddable":true,"href":"https:\/\/www.mexicohunts.com\/ovis.org.mx\/testmigracion\/wp-json\/wp\/v2\/users\/3"}],"replies":[{"embeddable":true,"href":"https:\/\/www.mexicohunts.com\/ovis.org.mx\/testmigracion\/wp-json\/wp\/v2\/comments?post=1644"}],"version-history":[{"count":1,"href":"https:\/\/www.mexicohunts.com\/ovis.org.mx\/testmigracion\/wp-json\/wp\/v2\/posts\/1644\/revisions"}],"predecessor-version":[{"id":1662,"href":"https:\/\/www.mexicohunts.com\/ovis.org.mx\/testmigracion\/wp-json\/wp\/v2\/posts\/1644\/revisions\/1662"}],"wp:attachment":[{"href":"https:\/\/www.mexicohunts.com\/ovis.org.mx\/testmigracion\/wp-json\/wp\/v2\/media?parent=1644"}],"wp:term":[{"taxonomy":"category","embeddable":true,"href":"https:\/\/www.mexicohunts.com\/ovis.org.mx\/testmigracion\/wp-json\/wp\/v2\/categories?post=1644"},{"taxonomy":"post_tag","embeddable":true,"href":"https:\/\/www.mexicohunts.com\/ovis.org.mx\/testmigracion\/wp-json\/wp\/v2\/tags?post=1644"}],"curies":[{"name":"wp","href":"https:\/\/api.w.org\/{rel}","templated":true}]}}